{"id":7132,"date":"2024-11-12T15:38:35","date_gmt":"2024-11-12T14:38:35","guid":{"rendered":"https:\/\/cadria.fr\/?p=7132"},"modified":"2024-11-12T23:14:01","modified_gmt":"2024-11-12T22:14:01","slug":"ia-entre-ambitions-europeennes-et-reality-show-administratif","status":"publish","type":"post","link":"https:\/\/cadria.fr\/ia-entre-ambitions-europeennes-et-reality-show-administratif\/","title":{"rendered":"IA : Entre Ambitions Europ\u00e9ennes et Reality Show Administratif"},"content":{"rendered":"\n<h2 class=\"wp-block-heading\">L&#8217;Europe Sort (Enfin) les Muscles<\/h2>\n\n\n\n<p>Pas moins de sept &#8220;fabriques d&#8217;IA&#8221; annonc\u00e9es d&#8217;un coup par la Commission europ\u00e9enne. De quoi faire trembler OpenAI dans ses serveurs ? Probablement pas, mais au moins on ne pourra pas dire que l&#8217;Europe reste les bras crois\u00e9s pendant que les \u00c9tats-Unis et la Chine se partagent le g\u00e2teau. Le vrai d\u00e9fi sera de transformer ces belles intentions en r\u00e9alisations concr\u00e8tes, sans se perdre dans les m\u00e9andres bureaucratiques habituels.<\/p>\n\n\n\n<p>Source: <a href=\"https:\/\/www.clubic.com\/actualite-543230-des-fabriques-d-intelligence-artificielle-en-europe-le-remede-pour-livrer-une-opposition-digne-de-ce-nom-aux-etats-unis-et-a-la-chine.html\" target=\"_blank\" rel=\"noopener\">Clubic<\/a><\/p>\n\n\n\n<h2 class=\"wp-block-heading\">L&#8217;Administration Fran\u00e7aise \u00e0 l&#8217;Heure de l&#8217;IA (On Peut R\u00eaver)<\/h2>\n\n\n\n<p>Notre nouveau ministre de la Fonction publique, Guillaume Kasbarian, promet de &#8220;doper&#8221; l&#8217;administration \u00e0 l&#8217;IA. Une ambition louable, mais quand on sait le temps qu&#8217;il a fallu pour passer du Minitel \u00e0 l&#8217;e-mail dans certains services&#8230; Reste \u00e0 voir si cette cure de jouvence technologique sera plus efficace que les pr\u00e9c\u00e9dentes tentatives de modernisation.<\/p>\n\n\n\n<p>Source: <a href=\"https:\/\/www.francetvinfo.fr\/replay-radio\/le-brief-politique\/le-ministre-de-la-fonction-publique-veut-booster-l-intelligence-artificielle-dans-les-services-de-l-etat_6863408.html\" target=\"_blank\" rel=\"noopener\">franceinfo<\/a><\/p>\n\n\n\n<h2 class=\"wp-block-heading\">Le Vatican Plus Tech que la Silicon Valley ?<\/h2>\n\n\n\n<p>Pendant que certains d\u00e9battent encore de l&#8217;\u00e9thique de l&#8217;IA, le Vatican fait son show tech avec Microsoft. Une reconstitution num\u00e9rique de la basilique Saint-Pierre qui fait passer nos startups pour des enfants de ch\u0153ur. Qui l&#8217;e\u00fbt cru ? Le Saint-Si\u00e8ge plus disruptif que nos licornes nationales.<\/p>\n\n\n\n<p>Source: <a href=\"https:\/\/www.lefigaro.fr\/culture\/patrimoine\/la-basilique-saint-pierre-de-rome-mise-a-nu-par-l-intelligence-artificielle-20241112\" target=\"_blank\" rel=\"noopener\">Le Figaro<\/a><\/p>\n\n\n\n<h2 class=\"wp-block-heading\">L&#8217;AFNOR Met son Grain de Sel \u00c9cologique<\/h2>\n\n\n\n<p>Parce qu&#8217;il fallait bien que quelqu&#8217;un se penche sur l&#8217;empreinte carbone de nos chatbots pr\u00e9f\u00e9r\u00e9s, l&#8217;AFNOR sort sa m\u00e9thodologie. Un pav\u00e9 dans la mare des d\u00e9veloppeurs qui pensaient que le cloud \u00e9tait vraiment dans les nuages. Spoiler : former des mod\u00e8les d&#8217;IA consomme un peu plus qu&#8217;une calculette solaire.<\/p>\n\n\n\n<p>Source: <a href=\"https:\/\/www.techniques-ingenieur.fr\/actualite\/articles\/un-referentiel-pour-mesurer-et-reduire-limpact-environnemental-de-lia-138213\/\" target=\"_blank\" rel=\"noopener\">Actualit\u00e9s Techniques de l&#8217;Ing\u00e9nieur<\/a><\/p>\n\n\n\n<h2 class=\"wp-block-heading\">La M\u00e9decine 2.0 : Quand l&#8217;IA Joue au Secr\u00e9taire<\/h2>\n\n\n\n<p>400 m\u00e9decins fran\u00e7ais se sont mis \u00e0 l&#8217;IA. Non pas pour remplacer leur diagnostic (rassurez-vous), mais pour la paperasse. Un progr\u00e8s certain, m\u00eame si on attend toujours l&#8217;IA capable de d\u00e9chiffrer une ordonnance manuscrite. Les vrais d\u00e9fis restent entiers.<\/p>\n\n\n\n<p>Source: <a href=\"https:\/\/www.francelive.fr\/article\/france-live-avec-agence\/ces-medecins-ont-fait-entrer-lintelligence-artificielle-dans-leur-cabinet-et-ca-change-tout-lia-va-etre-partout-8749155\/\" target=\"_blank\" rel=\"noopener\">France Live<\/a><\/p>\n\n\n\n<h2 class=\"wp-block-heading\">Le Nerf de la Guerre : 15 Trillions en Vue<\/h2>\n\n\n\n<p>Les projections financi\u00e8res donnent le tournis : 15 trillions d&#8217;euros d&#8217;ici 2030. De quoi faire saliver les investisseurs et les startuppers en qu\u00eate de licorne. Reste \u00e0 voir combien de ces euros virtuels se mat\u00e9rialiseront r\u00e9ellement, et surtout, dans quelles poches ils finiront.<\/p>\n\n\n\n<p>Source: <a href=\"https:\/\/www.allnews.ch\/content\/points-de-vue\/intelligence-artificielle-des-questions-qui-valent-des-milliards\" target=\"_blank\" rel=\"noopener\">allnews.ch<\/a><\/p>\n\n\n\n<h2 class=\"wp-block-heading\">RH : L&#8217;IA va-t-elle Enfin Remplacer les Powerpoints ?<\/h2>\n\n\n\n<p>Les m\u00e9tiers administratifs sont dans le viseur. Non pas que l&#8217;IA soit particuli\u00e8rement dou\u00e9e pour organiser des team buildings ou g\u00e9rer des conflits interpersonnels, mais elle excelle dans la production de rapports que personne ne lit. Une r\u00e9volution en marche qui fait trembler les accros aux KPIs.<\/p>\n\n\n\n<p>Source: <a href=\"https:\/\/www.journaldunet.com\/management\/emploi-cadres\/1536135-bf1-metier-remplace-ia\/\" target=\"_blank\" rel=\"noopener\">JDN<\/a><\/p>\n\n\n\n<div style=\"height:100px\" aria-hidden=\"true\" class=\"wp-block-spacer\"><\/div>\n\n\n\n<figure class=\"wp-block-embed is-type-video is-provider-youtube wp-block-embed-youtube wp-embed-aspect-16-9 wp-has-aspect-ratio\"><div class=\"wp-block-embed__wrapper\">\n<span class=\"wMx95bCTN4BLq\"><div class=\"responsive-video\"><iframe title=\"12 novembre 2024 \/\/ CadrIA : Entre Ambitions Europ\u00e9ennes et Reality Show Administratif\" width=\"800\" height=\"450\" src=\"https:\/\/www.youtube.com\/embed\/X-zjiJnP_BA?feature=oembed\" frameborder=\"0\" allow=\"accelerometer; autoplay; clipboard-write; encrypted-media; gyroscope; picture-in-picture; web-share\" referrerpolicy=\"strict-origin-when-cross-origin\" allowfullscreen><\/iframe><\/div><\/span>\n<\/div><\/figure>\n","protected":false},"excerpt":{"rendered":"<p>L&#8217;Europe Sort (Enfin) les Muscles Pas moins de sept &#8220;fabriques d&#8217;IA&#8221; annonc\u00e9es d&#8217;un coup par la Commission europ\u00e9enne. De quoi faire trembler OpenAI dans ses serveurs ? Probablement pas, mais au moins on ne pourra pas dire que l&#8217;Europe reste les bras crois\u00e9s pendant que les \u00c9tats-Unis et la Chine se partagent le g\u00e2teau. Le [&hellip;]<\/p>\n","protected":false},"author":1,"featured_media":7135,"comment_status":"open","ping_status":"open","sticky":false,"template":"","format":"standard","meta":{"footnotes":""},"categories":[172],"tags":[],"class_list":["post-7132","post","type-post","status-publish","format-standard","has-post-thumbnail","hentry","category-news-ia"],"_links":{"self":[{"href":"https:\/\/cadria.fr\/fodados\/wp\/v2\/posts\/7132","targetHints":{"allow":["GET"]}}],"collection":[{"href":"https:\/\/cadria.fr\/fodados\/wp\/v2\/posts"}],"about":[{"href":"https:\/\/cadria.fr\/fodados\/wp\/v2\/types\/post"}],"author":[{"embeddable":true,"href":"https:\/\/cadria.fr\/fodados\/wp\/v2\/users\/1"}],"replies":[{"embeddable":true,"href":"https:\/\/cadria.fr\/fodados\/wp\/v2\/comments?post=7132"}],"version-history":[{"count":0,"href":"https:\/\/cadria.fr\/fodados\/wp\/v2\/posts\/7132\/revisions"}],"wp:featuredmedia":[{"embeddable":true,"href":"https:\/\/cadria.fr\/fodados\/wp\/v2\/media\/7135"}],"wp:attachment":[{"href":"https:\/\/cadria.fr\/fodados\/wp\/v2\/media?parent=7132"}],"wp:term":[{"taxonomy":"category","embeddable":true,"href":"https:\/\/cadria.fr\/fodados\/wp\/v2\/categories?post=7132"},{"taxonomy":"post_tag","embeddable":true,"href":"https:\/\/cadria.fr\/fodados\/wp\/v2\/tags?post=7132"}],"curies":[{"name":"wp","href":"https:\/\/api.w.org\/{rel}","templated":true}]}}